
{"id":18066,"date":"2025-07-28T15:57:09","date_gmt":"2025-07-28T13:57:09","guid":{"rendered":"https:\/\/africanova.info\/?p=18066"},"modified":"2025-07-28T15:57:14","modified_gmt":"2025-07-28T13:57:14","slug":"onze-blesses-dans-une-attaque-a-larme-blanche-devant-un-supermarche-inquietudes-securitaires-croissantes","status":"publish","type":"post","link":"https:\/\/africanova.info\/?p=18066","title":{"rendered":"Onze bless\u00e9s dans une attaque \u00e0 l\u2019arme blanche devant un supermarch\u00e9, inqui\u00e9tudes s\u00e9curitaires croissantes"},"content":{"rendered":"<p>Le 28 juillet 2025, une sc\u00e8ne d\u2019horreur s\u2019est d\u00e9roul\u00e9e devant un supermarch\u00e9 situ\u00e9 dans une banlieue de Minneapolis, dans le Minnesota. Un homme arm\u00e9 d\u2019une lame a attaqu\u00e9 de mani\u00e8re soudaine et violente des passants, faisant onze bless\u00e9s dont plusieurs dans un \u00e9tat grave. Cette attaque, survenue en pleine heure de pointe, a profond\u00e9ment choqu\u00e9 la communaut\u00e9 locale et ravive le d\u00e9bat national aux \u00c9tats-Unis autour de la s\u00e9curit\u00e9 publique, de la pr\u00e9vention de la violence urbaine et des m\u00e9canismes de contr\u00f4le des agressions arm\u00e9es.<\/p><p>Les circonstances de l\u2019attaque et la r\u00e9ponse des forces de l\u2019ordre<\/p><p>Selon les t\u00e9moignages recueillis sur place, l\u2019assaillant, un homme d\u2019une trentaine d\u2019ann\u00e9es, est arriv\u00e9 \u00e0 pied devant l\u2019\u00e9tablissement commercial vers 17 heures, un moment o\u00f9 l\u2019affluence est maximale. Sans aucune provocation apparente, il a commenc\u00e9 \u00e0 frapper sauvagement des clients et des passants avec un couteau. Plusieurs personnes ont tent\u00e9 de se mettre \u00e0 l\u2019abri ou de le d\u00e9sarmer.<\/p><p>La police locale est intervenue rapidement, ma\u00eetrisant l\u2019agresseur en quelques minutes. Celui-ci a \u00e9t\u00e9 arr\u00eat\u00e9 et plac\u00e9 en garde \u00e0 vue. Les enqu\u00eateurs cherchent encore \u00e0 d\u00e9terminer ses motivations, dans un contexte o\u00f9 les actes de violence \u00e0 l\u2019arme blanche ont connu une hausse inqui\u00e9tante dans certaines grandes villes am\u00e9ricaines.<\/p><p>Profil des victimes et impact sanitaire<\/p><p>Les onze victimes, \u00e2g\u00e9es de 18 \u00e0 67 ans, ont \u00e9t\u00e9 conduites dans divers h\u00f4pitaux de la r\u00e9gion. Plusieurs d\u2019entre elles pr\u00e9sentent des blessures importantes, notamment des lac\u00e9rations profondes et des traumatismes s\u00e9v\u00e8res n\u00e9cessitant des interventions chirurgicales d\u2019urgence et des soins intensifs.<\/p><p>Au-del\u00e0 des blessures physiques, cet \u00e9v\u00e9nement traumatique a provoqu\u00e9 un climat de peur g\u00e9n\u00e9ralis\u00e9e dans la communaut\u00e9, exacerbant l\u2019anxi\u00e9t\u00e9 sociale d\u00e9j\u00e0 pr\u00e9sente dans des quartiers o\u00f9 la criminalit\u00e9 et la violence sont des pr\u00e9occupations r\u00e9guli\u00e8res.<\/p><p>Contexte s\u00e9curitaire et \u00e9volution des violences arm\u00e9es aux \u00c9tats-Unis<\/p><p>L\u2019attaque souligne une tendance inqui\u00e9tante observ\u00e9e depuis quelques ann\u00e9es dans plusieurs m\u00e9tropoles am\u00e9ricaines : la multiplication des agressions \u00e0 l\u2019arme blanche, souvent li\u00e9e \u00e0 des facteurs sociaux complexes\u2014d\u00e9saffiliation, pauvret\u00e9, troubles mentaux, mais aussi radicalisations ponctuelles.<\/p><p>Si le d\u00e9bat public est largement focalis\u00e9 sur la violence par armes \u00e0 feu, ces attaques ouvrent de nouvelles pistes sur la n\u00e9cessit\u00e9 de renforcer la pr\u00e9vention et l\u2019\u00e9ducation \u00e0 la non-violence sous toutes ses formes.<\/p><p>D\u00e9bats politiques et r\u00e9ponses institutionnelles<\/p><p>Sur le plan politique, cette attaque a rapidement \u00e9t\u00e9 l\u2019objet d\u2019une intense discussion. Les autorit\u00e9s locales et f\u00e9d\u00e9rales ont r\u00e9affirm\u00e9 leur engagement \u00e0 am\u00e9liorer la s\u00e9curit\u00e9, par des moyens aussi bien policiers que pr\u00e9ventifs. Le maire de Minneapolis a appel\u00e9 \u00e0 un renforcement des dispositifs de surveillance, une meilleure formation des forces de l\u2019ordre et un soutien accru aux victimes.<\/p><p>Parall\u00e8lement, les associations de d\u00e9fense des droits civiques exhortent \u00e0 \u00e9viter toute stigmatisation des communaut\u00e9s, insistant sur la n\u00e9cessit\u00e9 d\u2019aborder les racines sociales et psychologiques des violences.<\/p><figure class=\"wp-block-image size-full\"><img fetchpriority=\"high\" decoding=\"async\" width=\"918\" height=\"612\" src=\"https:\/\/africanova.info\/wp-content\/uploads\/2025\/07\/photo-alain-jocard-afp-1601031069.jpg\" alt=\"\" class=\"wp-image-18071\" srcset=\"https:\/\/africanova.info\/wp-content\/uploads\/2025\/07\/photo-alain-jocard-afp-1601031069.jpg 918w, https:\/\/africanova.info\/wp-content\/uploads\/2025\/07\/photo-alain-jocard-afp-1601031069-300x200.jpg 300w, https:\/\/africanova.info\/wp-content\/uploads\/2025\/07\/photo-alain-jocard-afp-1601031069-768x512.jpg 768w, https:\/\/africanova.info\/wp-content\/uploads\/2025\/07\/photo-alain-jocard-afp-1601031069-585x390.jpg 585w, https:\/\/africanova.info\/wp-content\/uploads\/2025\/07\/photo-alain-jocard-afp-1601031069-263x175.jpg 263w, https:\/\/africanova.info\/wp-content\/uploads\/2025\/07\/photo-alain-jocard-afp-1601031069-600x400.jpg 600w\" sizes=\"(max-width: 918px) 100vw, 918px\" \/><\/figure><p>Les enseignements pour la pr\u00e9vention et la protection<\/p><p>Plusieurs experts en s\u00e9curit\u00e9 publique \u00e9voquent la n\u00e9cessit\u00e9 de strat\u00e9gies multidimensionnelles : pr\u00e9vention sociale, int\u00e9gration des technologies de surveillance intelligente, r\u00e9habilitation des auteurs de violences, et renforcement des r\u00e9seaux d\u2019\u00e9coute pour d\u00e9tecter les signaux de danger.<\/p><p>La coordination entre les services municipaux, les forces polici\u00e8res, les acteurs sociaux et les structures de sant\u00e9 mentale appara\u00eet comme primordiale pour r\u00e9duire le risque d\u2019autres attaques similaires.<\/p><p>Perspectives nationales et r\u00f4le des m\u00e9dias<\/p><p>Ce drame focalise aussi l\u2019attention sur le r\u00f4le des m\u00e9dias dans la couverture de la violence urbaine, avec un appel \u00e0 la responsabilit\u00e9 afin d\u2019\u00e9viter la surm\u00e9diatisation qui pourrait inspirer des imitateurs, tout en informant de mani\u00e8re factuelle et constructive.<\/p><p>Au niveau national, le Congr\u00e8s et le gouvernement f\u00e9d\u00e9ral sont engag\u00e9s dans des discussions pour renforcer les politiques de s\u00e9curit\u00e9 publique face \u00e0 une diversit\u00e9 de menaces, qu\u2019elles soient de nature criminelle, terroriste ou psychologique.<\/p><div class=\"gsp_post_data\" data-post_type=\"post\" data-cat=\"actualites\" data-modified=\"120\" data-title=\"Onze bless\u00e9s dans une attaque \u00e0 l\u2019arme blanche devant un supermarch\u00e9, inqui\u00e9tudes s\u00e9curitaires croissantes\" data-home=\"https:\/\/africanova.info\"><\/div>","protected":false},"excerpt":{"rendered":"<p>Le 28 juillet 2025, une sc\u00e8ne d\u2019horreur s\u2019est d\u00e9roul\u00e9e devant un supermarch\u00e9 situ\u00e9 dans une banlieue de Minneapolis, dans le Minnesota. Un homme arm\u00e9 d\u2019une lame a attaqu\u00e9 de mani\u00e8re&hellip;<\/p>\n","protected":false},"author":1,"featured_media":18072,"comment_status":"open","ping_status":"open","sticky":false,"template":"","format":"standard","meta":{"_bbp_topic_count":0,"_bbp_reply_count":0,"_bbp_total_topic_count":0,"_bbp_total_reply_count":0,"_bbp_voice_count":0,"_bbp_anonymous_reply_count":0,"_bbp_topic_count_hidden":0,"_bbp_reply_count_hidden":0,"_bbp_forum_subforum_count":0,"_lmt_disableupdate":"","_lmt_disable":"","_jetpack_memberships_contains_paid_content":false,"footnotes":""},"categories":[1],"tags":[],"class_list":["post-18066","post","type-post","status-publish","format-standard","has-post-thumbnail","hentry","category-actualites"],"jetpack_featured_media_url":"https:\/\/africanova.info\/wp-content\/uploads\/2025\/07\/apt-6795d43ca8709101264198-1.png","jetpack_sharing_enabled":true,"_links":{"self":[{"href":"https:\/\/africanova.info\/index.php?rest_route=\/wp\/v2\/posts\/18066","targetHints":{"allow":["GET"]}}],"collection":[{"href":"https:\/\/africanova.info\/index.php?rest_route=\/wp\/v2\/posts"}],"about":[{"href":"https:\/\/africanova.info\/index.php?rest_route=\/wp\/v2\/types\/post"}],"author":[{"embeddable":true,"href":"https:\/\/africanova.info\/index.php?rest_route=\/wp\/v2\/users\/1"}],"replies":[{"embeddable":true,"href":"https:\/\/africanova.info\/index.php?rest_route=%2Fwp%2Fv2%2Fcomments&post=18066"}],"version-history":[{"count":1,"href":"https:\/\/africanova.info\/index.php?rest_route=\/wp\/v2\/posts\/18066\/revisions"}],"predecessor-version":[{"id":18073,"href":"https:\/\/africanova.info\/index.php?rest_route=\/wp\/v2\/posts\/18066\/revisions\/18073"}],"wp:featuredmedia":[{"embeddable":true,"href":"https:\/\/africanova.info\/index.php?rest_route=\/wp\/v2\/media\/18072"}],"wp:attachment":[{"href":"https:\/\/africanova.info\/index.php?rest_route=%2Fwp%2Fv2%2Fmedia&parent=18066"}],"wp:term":[{"taxonomy":"category","embeddable":true,"href":"https:\/\/africanova.info\/index.php?rest_route=%2Fwp%2Fv2%2Fcategories&post=18066"},{"taxonomy":"post_tag","embeddable":true,"href":"https:\/\/africanova.info\/index.php?rest_route=%2Fwp%2Fv2%2Ftags&post=18066"}],"curies":[{"name":"wp","href":"https:\/\/api.w.org\/{rel}","templated":true}]}}