
{"id":16611,"date":"2025-07-13T20:45:08","date_gmt":"2025-07-13T18:45:08","guid":{"rendered":"https:\/\/africanova.info\/?p=16611"},"modified":"2025-07-13T20:48:01","modified_gmt":"2025-07-13T18:48:01","slug":"desarmement-du-pkk-la-turquie-a-gagne-86-millions-de-citoyens-ont-gagne-declare-erdogan-consequences-regionales-et-enjeux-securitaires","status":"publish","type":"post","link":"https:\/\/africanova.info\/?p=16611","title":{"rendered":"D\u00e9sarmement du PKK : \u00ab La Turquie a gagn\u00e9, 86 millions de citoyens ont gagn\u00e9 \u00bb, d\u00e9clare Erdogan \u2013 Cons\u00e9quences r\u00e9gionales et enjeux s\u00e9curitaires"},"content":{"rendered":"<p>Introduction : Un tournant dans le conflit kurde<\/p><p>Le pr\u00e9sident turc Recep Tayyip Erdogan a d\u00e9clar\u00e9 le 12 juillet 2025 que le d\u00e9sarmement du Parti des travailleurs du Kurdistan (PKK) constituait une victoire majeure pour la Turquie et ses 86 millions d\u2019habitants. Cette annonce officielle marque une \u00e9tape cruciale dans un conflit qui dure depuis plusieurs d\u00e9cennies et qui a profond\u00e9ment marqu\u00e9 la r\u00e9gion du Moyen-Orient. Mais quelles sont les cons\u00e9quences r\u00e9elles de ce d\u00e9sarmement pour la Turquie, ses voisins et la stabilit\u00e9 r\u00e9gionale ?<\/p><p>Le contexte du d\u00e9sarmement<\/p><p>Le PKK, class\u00e9 organisation terroriste par Ankara, l\u2019Union europ\u00e9enne et les \u00c9tats-Unis, a men\u00e9 une gu\u00e9rilla prolong\u00e9e contre l\u2019\u00c9tat turc, revendiquant l\u2019autonomie kurde. Apr\u00e8s plusieurs ann\u00e9es de n\u00e9gociations intermittentes, de combats et d\u2019op\u00e9rations militaires, un accord de d\u00e9sarmement progressif a \u00e9t\u00e9 conclu, sous la m\u00e9diation internationale. Ce processus a inclus la remise des armes lourdes, la dissolution partielle des structures arm\u00e9es et l\u2019engagement \u00e0 privil\u00e9gier le dialogue politique.<\/p><p>Cons\u00e9quences pour la Turquie<\/p><p>Pour Erdogan, ce d\u00e9sarmement est une victoire politique et s\u00e9curitaire majeure, renfor\u00e7ant son image de leader fort capable de prot\u00e9ger l\u2019unit\u00e9 nationale. La fin des hostilit\u00e9s arm\u00e9es devrait permettre \u00e0 la Turquie de concentrer ses efforts sur le d\u00e9veloppement \u00e9conomique et la stabilit\u00e9 int\u00e9rieure. Toutefois, la question kurde demeure un enjeu politique sensible, avec des aspirations culturelles et politiques qui ne disparaissent pas avec les armes.<\/p><figure class=\"wp-block-image size-large\"><img fetchpriority=\"high\" decoding=\"async\" width=\"1024\" height=\"682\" src=\"https:\/\/africanova.info\/wp-content\/uploads\/2025\/07\/27132e07763fd8d86fb0cba759e131111dc78e5821f63b99804764a7d555496b-2-1024x682.webp\" alt=\"\" class=\"wp-image-16617\" srcset=\"https:\/\/africanova.info\/wp-content\/uploads\/2025\/07\/27132e07763fd8d86fb0cba759e131111dc78e5821f63b99804764a7d555496b-2-1024x682.webp 1024w, https:\/\/africanova.info\/wp-content\/uploads\/2025\/07\/27132e07763fd8d86fb0cba759e131111dc78e5821f63b99804764a7d555496b-2-300x200.webp 300w, https:\/\/africanova.info\/wp-content\/uploads\/2025\/07\/27132e07763fd8d86fb0cba759e131111dc78e5821f63b99804764a7d555496b-2-768x511.webp 768w, https:\/\/africanova.info\/wp-content\/uploads\/2025\/07\/27132e07763fd8d86fb0cba759e131111dc78e5821f63b99804764a7d555496b-2-1170x779.webp 1170w, https:\/\/africanova.info\/wp-content\/uploads\/2025\/07\/27132e07763fd8d86fb0cba759e131111dc78e5821f63b99804764a7d555496b-2-585x390.webp 585w, https:\/\/africanova.info\/wp-content\/uploads\/2025\/07\/27132e07763fd8d86fb0cba759e131111dc78e5821f63b99804764a7d555496b-2-263x175.webp 263w, https:\/\/africanova.info\/wp-content\/uploads\/2025\/07\/27132e07763fd8d86fb0cba759e131111dc78e5821f63b99804764a7d555496b-2-1320x879.webp 1320w, https:\/\/africanova.info\/wp-content\/uploads\/2025\/07\/27132e07763fd8d86fb0cba759e131111dc78e5821f63b99804764a7d555496b-2-600x400.webp 600w, https:\/\/africanova.info\/wp-content\/uploads\/2025\/07\/27132e07763fd8d86fb0cba759e131111dc78e5821f63b99804764a7d555496b-2.webp 1440w\" sizes=\"(max-width: 1024px) 100vw, 1024px\" \/><\/figure><p>Enjeux r\u00e9gionaux et r\u00e9actions internationales<\/p><p>Le d\u00e9sarmement du PKK a des r\u00e9percussions importantes pour les pays voisins, notamment l\u2019Irak, la Syrie et l\u2019Iran, o\u00f9 vivent d\u2019importantes populations kurdes. La stabilit\u00e9 retrouv\u00e9e en Turquie pourrait favoriser une meilleure coop\u00e9ration r\u00e9gionale, mais aussi susciter des tensions si les revendications kurdes transnationales ne sont pas prises en compte.<\/p><p>Les \u00c9tats-Unis et l\u2019Union europ\u00e9enne ont salu\u00e9 le processus, tout en appelant \u00e0 une solution politique inclusive qui garantisse les droits des Kurdes. Certains observateurs craignent cependant que la pression militaire ait simplement temporairement affaibli le PKK sans r\u00e9soudre les causes profondes du conflit.<\/p><p>Perspectives pour la paix durable<\/p><ul class=\"wp-block-list\"><li><strong>Dialogue politique<\/strong>&nbsp;: Encourager des r\u00e9formes garantissant les droits culturels et politiques des Kurdes.<\/li>\n\n<li><strong>R\u00e9conciliation nationale<\/strong>&nbsp;: Promouvoir l\u2019int\u00e9gration et la coexistence pacifique.<\/li>\n\n<li><strong>Coop\u00e9ration r\u00e9gionale<\/strong>&nbsp;: Impliquer les pays voisins dans un cadre de s\u00e9curit\u00e9 collective.<\/li><\/ul><p>Le d\u00e9sarmement du PKK est une \u00e9tape importante, mais le d\u00e9fi reste de b\u00e2tir une paix durable, fond\u00e9e sur le respect des droits et la justice.<\/p><p><\/p><div class=\"gsp_post_data\" data-post_type=\"post\" data-cat=\"actualites\" data-modified=\"120\" data-title=\"D\u00e9sarmement du PKK : \u00ab La Turquie a gagn\u00e9, 86 millions de citoyens ont gagn\u00e9 \u00bb, d\u00e9clare Erdogan \u2013 Cons\u00e9quences r\u00e9gionales et enjeux s\u00e9curitaires\" data-home=\"https:\/\/africanova.info\"><\/div>","protected":false},"excerpt":{"rendered":"<p>Introduction : Un tournant dans le conflit kurde Le pr\u00e9sident turc Recep Tayyip Erdogan a d\u00e9clar\u00e9 le 12 juillet 2025 que le d\u00e9sarmement du Parti des travailleurs du Kurdistan (PKK)&hellip;<\/p>\n","protected":false},"author":1,"featured_media":16614,"comment_status":"open","ping_status":"open","sticky":false,"template":"","format":"standard","meta":{"_bbp_topic_count":0,"_bbp_reply_count":0,"_bbp_total_topic_count":0,"_bbp_total_reply_count":0,"_bbp_voice_count":0,"_bbp_anonymous_reply_count":0,"_bbp_topic_count_hidden":0,"_bbp_reply_count_hidden":0,"_bbp_forum_subforum_count":0,"_lmt_disableupdate":"","_lmt_disable":"","_jetpack_memberships_contains_paid_content":false,"footnotes":""},"categories":[1],"tags":[],"class_list":["post-16611","post","type-post","status-publish","format-standard","has-post-thumbnail","hentry","category-actualites"],"jetpack_featured_media_url":"https:\/\/africanova.info\/wp-content\/uploads\/2025\/07\/erdogan-m_AR.jpeg","jetpack_sharing_enabled":true,"_links":{"self":[{"href":"https:\/\/africanova.info\/index.php?rest_route=\/wp\/v2\/posts\/16611","targetHints":{"allow":["GET"]}}],"collection":[{"href":"https:\/\/africanova.info\/index.php?rest_route=\/wp\/v2\/posts"}],"about":[{"href":"https:\/\/africanova.info\/index.php?rest_route=\/wp\/v2\/types\/post"}],"author":[{"embeddable":true,"href":"https:\/\/africanova.info\/index.php?rest_route=\/wp\/v2\/users\/1"}],"replies":[{"embeddable":true,"href":"https:\/\/africanova.info\/index.php?rest_route=%2Fwp%2Fv2%2Fcomments&post=16611"}],"version-history":[{"count":2,"href":"https:\/\/africanova.info\/index.php?rest_route=\/wp\/v2\/posts\/16611\/revisions"}],"predecessor-version":[{"id":16619,"href":"https:\/\/africanova.info\/index.php?rest_route=\/wp\/v2\/posts\/16611\/revisions\/16619"}],"wp:featuredmedia":[{"embeddable":true,"href":"https:\/\/africanova.info\/index.php?rest_route=\/wp\/v2\/media\/16614"}],"wp:attachment":[{"href":"https:\/\/africanova.info\/index.php?rest_route=%2Fwp%2Fv2%2Fmedia&parent=16611"}],"wp:term":[{"taxonomy":"category","embeddable":true,"href":"https:\/\/africanova.info\/index.php?rest_route=%2Fwp%2Fv2%2Fcategories&post=16611"},{"taxonomy":"post_tag","embeddable":true,"href":"https:\/\/africanova.info\/index.php?rest_route=%2Fwp%2Fv2%2Ftags&post=16611"}],"curies":[{"name":"wp","href":"https:\/\/api.w.org\/{rel}","templated":true}]}}