
{"id":16601,"date":"2025-07-13T20:37:25","date_gmt":"2025-07-13T18:37:25","guid":{"rendered":"https:\/\/africanova.info\/?p=16601"},"modified":"2025-07-13T20:37:28","modified_gmt":"2025-07-13T18:37:28","slug":"macron-instaure-une-journee-nationale-a-la-memoire-de-dreyfus-et-de-son-combat-pour-la-justice-un-symbole-fort-pour-la-memoire-et-la-lutte-contre-lantisemitisme","status":"publish","type":"post","link":"https:\/\/africanova.info\/?p=16601","title":{"rendered":"Macron instaure une journ\u00e9e nationale \u00e0 la m\u00e9moire de Dreyfus et de son combat pour la justice \u2013 Un symbole fort pour la m\u00e9moire et la lutte contre l\u2019antis\u00e9mitisme"},"content":{"rendered":"<p>Introduction : Un hommage national \u00e0 la justice et \u00e0 la m\u00e9moire<\/p><p>Le 12 juillet 2025, le pr\u00e9sident Emmanuel Macron a annonc\u00e9 l\u2019instauration d\u2019une journ\u00e9e nationale \u00e0 la m\u00e9moire d\u2019Alfred Dreyfus, figure embl\u00e9matique de la lutte pour la justice et contre l\u2019antis\u00e9mitisme en France. Cette d\u00e9cision, salu\u00e9e par les historiens, les associations de d\u00e9fense des droits humains et la communaut\u00e9 juive, s\u2019inscrit dans une volont\u00e9 de renforcer la m\u00e9moire collective et de rappeler l\u2019importance des valeurs r\u00e9publicaines face \u00e0 la r\u00e9surgence des discours de haine.<\/p><p>L\u2019affaire Dreyfus : un tournant dans l\u2019histoire de France<\/p><p>L\u2019affaire Dreyfus, qui a secou\u00e9 la France \u00e0 la fin du XIXe si\u00e8cle, reste l\u2019un des plus grands scandales judiciaires de l\u2019histoire. Accus\u00e9 \u00e0 tort d\u2019espionnage pour l\u2019Allemagne, le capitaine Alfred Dreyfus, officier juif de l\u2019arm\u00e9e fran\u00e7aise, fut condamn\u00e9 en 1894 \u00e0 la d\u00e9portation et \u00e0 la d\u00e9gradation militaire. Il fallut plus de dix ans de mobilisation, de combats juridiques et de prises de position courageuses \u2013 \u00e0 l\u2019image de l\u2019\u00e9crivain \u00c9mile Zola et de son c\u00e9l\u00e8bre \u00ab J\u2019accuse\u2026! \u00bb \u2013 pour obtenir sa r\u00e9habilitation en 1906.<\/p><p>Ce combat pour la justice, la v\u00e9rit\u00e9 et l\u2019\u00e9galit\u00e9 a profond\u00e9ment marqu\u00e9 la soci\u00e9t\u00e9 fran\u00e7aise, r\u00e9v\u00e9lant les dangers de l\u2019antis\u00e9mitisme, de l\u2019injustice institutionnelle et de la manipulation de l\u2019opinion publique.<\/p><p>Une journ\u00e9e nationale pour l\u2019\u00e9ducation et la vigilance<\/p><p>La journ\u00e9e nationale Dreyfus, qui sera c\u00e9l\u00e9br\u00e9e chaque 12 juillet, vise \u00e0 sensibiliser les citoyens, notamment les jeunes, aux dangers de la haine, du racisme et de l\u2019antis\u00e9mitisme. Des c\u00e9r\u00e9monies officielles, des conf\u00e9rences, des expositions et des ateliers p\u00e9dagogiques seront organis\u00e9s dans les \u00e9coles, les institutions et les lieux de m\u00e9moire \u00e0 travers toute la France.<\/p><p>Le gouvernement souhaite ainsi rappeler que la justice et la v\u00e9rit\u00e9 sont des combats permanents, et que la R\u00e9publique doit rester vigilante face \u00e0 toutes les formes de discrimination.<\/p><p>Un message universel : la lutte contre l\u2019antis\u00e9mitisme aujourd\u2019hui<\/p><p>L\u2019initiative de Macron intervient dans un contexte de recrudescence des actes antis\u00e9mites en France et en Europe. Les chiffres des agressions et des discours haineux inqui\u00e8tent les autorit\u00e9s et la soci\u00e9t\u00e9 civile. En rendant hommage \u00e0 Dreyfus, la France r\u00e9affirme son engagement contre l\u2019antis\u00e9mitisme et pour la d\u00e9fense des droits humains.<\/p><figure class=\"wp-block-image size-large\"><img fetchpriority=\"high\" decoding=\"async\" width=\"1024\" height=\"682\" src=\"https:\/\/africanova.info\/wp-content\/uploads\/2025\/07\/Emmanuel-Macrondu-34e-diner-annuel-Conseil-representatif-institutions-juives-France-Crif-mercredi-20-fevrier-2019_0-1024x682.webp\" alt=\"\" class=\"wp-image-16602\" srcset=\"https:\/\/africanova.info\/wp-content\/uploads\/2025\/07\/Emmanuel-Macrondu-34e-diner-annuel-Conseil-representatif-institutions-juives-France-Crif-mercredi-20-fevrier-2019_0-1024x682.webp 1024w, https:\/\/africanova.info\/wp-content\/uploads\/2025\/07\/Emmanuel-Macrondu-34e-diner-annuel-Conseil-representatif-institutions-juives-France-Crif-mercredi-20-fevrier-2019_0-300x200.webp 300w, https:\/\/africanova.info\/wp-content\/uploads\/2025\/07\/Emmanuel-Macrondu-34e-diner-annuel-Conseil-representatif-institutions-juives-France-Crif-mercredi-20-fevrier-2019_0-768x512.webp 768w, https:\/\/africanova.info\/wp-content\/uploads\/2025\/07\/Emmanuel-Macrondu-34e-diner-annuel-Conseil-representatif-institutions-juives-France-Crif-mercredi-20-fevrier-2019_0-1170x780.webp 1170w, https:\/\/africanova.info\/wp-content\/uploads\/2025\/07\/Emmanuel-Macrondu-34e-diner-annuel-Conseil-representatif-institutions-juives-France-Crif-mercredi-20-fevrier-2019_0-585x390.webp 585w, https:\/\/africanova.info\/wp-content\/uploads\/2025\/07\/Emmanuel-Macrondu-34e-diner-annuel-Conseil-representatif-institutions-juives-France-Crif-mercredi-20-fevrier-2019_0-263x175.webp 263w, https:\/\/africanova.info\/wp-content\/uploads\/2025\/07\/Emmanuel-Macrondu-34e-diner-annuel-Conseil-representatif-institutions-juives-France-Crif-mercredi-20-fevrier-2019_0-1320x880.webp 1320w, https:\/\/africanova.info\/wp-content\/uploads\/2025\/07\/Emmanuel-Macrondu-34e-diner-annuel-Conseil-representatif-institutions-juives-France-Crif-mercredi-20-fevrier-2019_0-600x400.webp 600w, https:\/\/africanova.info\/wp-content\/uploads\/2025\/07\/Emmanuel-Macrondu-34e-diner-annuel-Conseil-representatif-institutions-juives-France-Crif-mercredi-20-fevrier-2019_0.webp 1400w\" sizes=\"(max-width: 1024px) 100vw, 1024px\" \/><\/figure><p>Les associations juives et les organisations antiracistes saluent cette d\u00e9marche, tout en appelant \u00e0 des actions concr\u00e8tes pour prot\u00e9ger les minorit\u00e9s, renforcer l\u2019\u00e9ducation et sanctionner les auteurs de crimes de haine.<\/p><p>L\u2019h\u00e9ritage de Dreyfus : un mod\u00e8le pour la justice universelle<\/p><p>Au-del\u00e0 du contexte fran\u00e7ais, l\u2019affaire Dreyfus est devenue un symbole universel de la lutte contre l\u2019injustice et l\u2019arbitraire. Son h\u00e9ritage inspire de nombreux d\u00e9fenseurs des droits humains \u00e0 travers le monde, qui voient en lui le rappel qu\u2019aucune soci\u00e9t\u00e9 n\u2019est \u00e0 l\u2019abri des d\u00e9rives, et que la vigilance d\u00e9mocratique est un devoir collectif.<\/p><p>Pour l\u2019Afrique et d\u2019autres r\u00e9gions du monde, l\u2019exemple de Dreyfus invite \u00e0 r\u00e9fl\u00e9chir sur les m\u00e9canismes de la justice, la protection des minorit\u00e9s et la n\u00e9cessit\u00e9 de garantir l\u2019\u00e9galit\u00e9 devant la loi.<\/p><p>Conclusion : Une m\u00e9moire vivante au service de la justice<\/p><p>La journ\u00e9e nationale Dreyfus s\u2019inscrit dans une d\u00e9marche de m\u00e9moire active, tourn\u00e9e vers l\u2019avenir. Elle rappelle que la justice, la v\u00e9rit\u00e9 et la tol\u00e9rance sont des valeurs \u00e0 d\u00e9fendre chaque jour, pour construire une soci\u00e9t\u00e9 plus juste, plus solidaire et plus humaine.<\/p><p><\/p><div class=\"gsp_post_data\" data-post_type=\"post\" data-cat=\"actualites\" data-modified=\"120\" data-title=\"Macron instaure une journ\u00e9e nationale \u00e0 la m\u00e9moire de Dreyfus et de son combat pour la justice \u2013 Un symbole fort pour la m\u00e9moire et la lutte contre l\u2019antis\u00e9mitisme\" data-home=\"https:\/\/africanova.info\"><\/div>","protected":false},"excerpt":{"rendered":"<p>Introduction : Un hommage national \u00e0 la justice et \u00e0 la m\u00e9moire Le 12 juillet 2025, le pr\u00e9sident Emmanuel Macron a annonc\u00e9 l\u2019instauration d\u2019une journ\u00e9e nationale \u00e0 la m\u00e9moire d\u2019Alfred&hellip;<\/p>\n","protected":false},"author":1,"featured_media":16603,"comment_status":"open","ping_status":"open","sticky":false,"template":"","format":"standard","meta":{"_bbp_topic_count":0,"_bbp_reply_count":0,"_bbp_total_topic_count":0,"_bbp_total_reply_count":0,"_bbp_voice_count":0,"_bbp_anonymous_reply_count":0,"_bbp_topic_count_hidden":0,"_bbp_reply_count_hidden":0,"_bbp_forum_subforum_count":0,"_lmt_disableupdate":"","_lmt_disable":"","_jetpack_memberships_contains_paid_content":false,"footnotes":""},"categories":[1],"tags":[],"class_list":["post-16601","post","type-post","status-publish","format-standard","has-post-thumbnail","hentry","category-actualites"],"jetpack_featured_media_url":"https:\/\/africanova.info\/wp-content\/uploads\/2025\/07\/2da9e85fe6e0f8877940b34544d5db738a1364026fe9e0c16ebc8eb47c095580.webp","jetpack_sharing_enabled":true,"_links":{"self":[{"href":"https:\/\/africanova.info\/index.php?rest_route=\/wp\/v2\/posts\/16601","targetHints":{"allow":["GET"]}}],"collection":[{"href":"https:\/\/africanova.info\/index.php?rest_route=\/wp\/v2\/posts"}],"about":[{"href":"https:\/\/africanova.info\/index.php?rest_route=\/wp\/v2\/types\/post"}],"author":[{"embeddable":true,"href":"https:\/\/africanova.info\/index.php?rest_route=\/wp\/v2\/users\/1"}],"replies":[{"embeddable":true,"href":"https:\/\/africanova.info\/index.php?rest_route=%2Fwp%2Fv2%2Fcomments&post=16601"}],"version-history":[{"count":1,"href":"https:\/\/africanova.info\/index.php?rest_route=\/wp\/v2\/posts\/16601\/revisions"}],"predecessor-version":[{"id":16604,"href":"https:\/\/africanova.info\/index.php?rest_route=\/wp\/v2\/posts\/16601\/revisions\/16604"}],"wp:featuredmedia":[{"embeddable":true,"href":"https:\/\/africanova.info\/index.php?rest_route=\/wp\/v2\/media\/16603"}],"wp:attachment":[{"href":"https:\/\/africanova.info\/index.php?rest_route=%2Fwp%2Fv2%2Fmedia&parent=16601"}],"wp:term":[{"taxonomy":"category","embeddable":true,"href":"https:\/\/africanova.info\/index.php?rest_route=%2Fwp%2Fv2%2Fcategories&post=16601"},{"taxonomy":"post_tag","embeddable":true,"href":"https:\/\/africanova.info\/index.php?rest_route=%2Fwp%2Fv2%2Ftags&post=16601"}],"curies":[{"name":"wp","href":"https:\/\/api.w.org\/{rel}","templated":true}]}}