
{"id":16476,"date":"2025-07-13T05:19:37","date_gmt":"2025-07-13T03:19:37","guid":{"rendered":"https:\/\/africanova.info\/?p=16476"},"modified":"2025-07-13T05:19:40","modified_gmt":"2025-07-13T03:19:40","slug":"yemen-mobilisation-massive-a-sanaa-en-soutien-a-gaza","status":"publish","type":"post","link":"https:\/\/africanova.info\/?p=16476","title":{"rendered":"Y\u00e9men \u2013 Mobilisation massive \u00e0 Sanaa en soutien \u00e0 Gaza"},"content":{"rendered":"<p>Introduction<\/p><p>Le 12 juillet 2025, la capitale y\u00e9m\u00e9nite Sanaa a \u00e9t\u00e9 le th\u00e9\u00e2tre d\u2019une mobilisation massive en soutien \u00e0 la population de Gaza, plong\u00e9e dans une nouvelle crise humanitaire et s\u00e9curitaire. Cette manifestation, d\u2019une ampleur rare dans un pays lui-m\u00eame ravag\u00e9 par la guerre, illustre la centralit\u00e9 de la cause palestinienne dans le monde arabe et la capacit\u00e9 de la soci\u00e9t\u00e9 y\u00e9m\u00e9nite \u00e0 se mobiliser malgr\u00e9 les \u00e9preuves. Ce mouvement de solidarit\u00e9, relay\u00e9 par de nombreux acteurs politiques et religieux, s\u2019inscrit dans un contexte r\u00e9gional tendu et soul\u00e8ve des questions sur le r\u00f4le du Y\u00e9men dans la diplomatie du Moyen-Orient.<\/p><p>Un contexte de guerre et de r\u00e9silience<\/p><p>Depuis 2015, le Y\u00e9men est plong\u00e9 dans un conflit arm\u00e9 opposant les rebelles houthis, soutenus par l\u2019Iran, au gouvernement reconnu par la communaut\u00e9 internationale et appuy\u00e9 par une coalition dirig\u00e9e par l\u2019Arabie saoudite. Malgr\u00e9 la destruction, la famine et les \u00e9pid\u00e9mies, la soci\u00e9t\u00e9 civile y\u00e9m\u00e9nite continue d\u2019exister et de s\u2019exprimer, notamment sur la sc\u00e8ne internationale.<\/p><ul class=\"wp-block-list\"><li><strong>R\u00e9silience sociale<\/strong>\u00a0: Les Y\u00e9m\u00e9nites, confront\u00e9s \u00e0 l\u2019une des pires crises humanitaires du monde, d\u00e9montrent une capacit\u00e9 d\u2019organisation et de mobilisation remarquable.<\/li>\n\n<li><strong>Solidarit\u00e9 r\u00e9gionale<\/strong>\u00a0: La cause palestinienne reste un puissant vecteur d\u2019unit\u00e9 dans le monde arabe, transcendant les clivages internes.<\/li><\/ul><p>La manifestation de Sanaa : organisation et port\u00e9e<\/p><p>La mobilisation du 12 juillet a rassembl\u00e9 des dizaines de milliers de personnes dans les rues de Sanaa, brandissant drapeaux palestiniens et pancartes appelant \u00e0 la fin du blocus de Gaza. Les leaders houthis, mais aussi des repr\u00e9sentants de la soci\u00e9t\u00e9 civile et des ONG locales, ont pris la parole pour d\u00e9noncer les violences \u00e0 Gaza et exiger une action internationale.<\/p><ul class=\"wp-block-list\"><li><strong>Discours politiques<\/strong>\u00a0: Les dirigeants houthis ont profit\u00e9 de l\u2019occasion pour critiquer l\u2019inaction des puissances occidentales et r\u00e9affirmer leur engagement envers la cause palestinienne.<\/li>\n\n<li><strong>Mobilisation populaire<\/strong>\u00a0: La participation massive, incluant femmes, jeunes et personnes \u00e2g\u00e9es, t\u00e9moigne de l\u2019attachement profond \u00e0 la solidarit\u00e9 avec Gaza.<\/li>\n\n<li><strong>Couverture m\u00e9diatique<\/strong>\u00a0: Les m\u00e9dias r\u00e9gionaux et internationaux ont largement relay\u00e9 l\u2019\u00e9v\u00e9nement, renfor\u00e7ant la visibilit\u00e9 du mouvement.<\/li><\/ul><p>Les enjeux diplomatiques pour le Y\u00e9men<\/p><ul class=\"wp-block-list\"><li><strong>Renforcement de la l\u00e9gitimit\u00e9 des Houthis<\/strong>\u00a0: En se positionnant comme d\u00e9fenseurs de la cause palestinienne, les Houthis cherchent \u00e0 renforcer leur l\u00e9gitimit\u00e9 sur la sc\u00e8ne r\u00e9gionale et \u00e0 rallier l\u2019opinion publique arabe.<\/li>\n\n<li><strong>Pression sur la coalition saoudienne<\/strong>\u00a0: La mobilisation permet aussi de mettre en difficult\u00e9 la coalition rivale, accus\u00e9e de ti\u00e9deur sur la question palestinienne.<\/li>\n\n<li><strong>Dialogue avec l\u2019Iran<\/strong>\u00a0: L\u2019Iran, alli\u00e9 des Houthis, utilise \u00e9galement cette mobilisation pour renforcer son influence au Moyen-Orient et s\u2019opposer \u00e0 Isra\u00ebl et \u00e0 ses alli\u00e9s.<\/li><\/ul><figure class=\"wp-block-image size-large\"><img fetchpriority=\"high\" decoding=\"async\" width=\"1024\" height=\"576\" src=\"https:\/\/africanova.info\/wp-content\/uploads\/2025\/07\/312c0393dca73eb032e27b721469359a-1024x576.jpg\" alt=\"\" class=\"wp-image-16478\" srcset=\"https:\/\/africanova.info\/wp-content\/uploads\/2025\/07\/312c0393dca73eb032e27b721469359a-1024x576.jpg 1024w, https:\/\/africanova.info\/wp-content\/uploads\/2025\/07\/312c0393dca73eb032e27b721469359a-300x169.jpg 300w, https:\/\/africanova.info\/wp-content\/uploads\/2025\/07\/312c0393dca73eb032e27b721469359a-768x432.jpg 768w, https:\/\/africanova.info\/wp-content\/uploads\/2025\/07\/312c0393dca73eb032e27b721469359a-1170x658.jpg 1170w, https:\/\/africanova.info\/wp-content\/uploads\/2025\/07\/312c0393dca73eb032e27b721469359a-585x329.jpg 585w, https:\/\/africanova.info\/wp-content\/uploads\/2025\/07\/312c0393dca73eb032e27b721469359a-1200x675.jpg 1200w, https:\/\/africanova.info\/wp-content\/uploads\/2025\/07\/312c0393dca73eb032e27b721469359a-600x338.jpg 600w, https:\/\/africanova.info\/wp-content\/uploads\/2025\/07\/312c0393dca73eb032e27b721469359a.jpg 1280w\" sizes=\"(max-width: 1024px) 100vw, 1024px\" \/><\/figure><p>La solidarit\u00e9 arabe \u00e0 l\u2019\u00e9preuve des faits<\/p><p>Si la mobilisation de Sanaa est impressionnante, elle s\u2019inscrit dans un contexte o\u00f9 la solidarit\u00e9 arabe avec la Palestine reste souvent symbolique. Les divisions entre \u00c9tats arabes, la normalisation de certains avec Isra\u00ebl et la priorit\u00e9 donn\u00e9e aux enjeux nationaux limitent l\u2019impact concret de ces actions.<\/p><ul class=\"wp-block-list\"><li><strong>Effet sur la diplomatie r\u00e9gionale<\/strong>\u00a0: Les manifestations de soutien \u00e0 Gaza peuvent influencer les positions diplomatiques, mais peinent \u00e0 se traduire par des actions coordonn\u00e9es.<\/li>\n\n<li><strong>Mobilisation internationale<\/strong>\u00a0: La soci\u00e9t\u00e9 civile y\u00e9m\u00e9nite appelle \u00e0 une mobilisation internationale, notamment aupr\u00e8s de l\u2019ONU, pour faire pression sur Isra\u00ebl et soutenir la reconstruction de Gaza.<\/li><\/ul><p>Perspectives et limites<\/p><ul class=\"wp-block-list\"><li><strong>Risque de r\u00e9cup\u00e9ration politique<\/strong>\u00a0: Les manifestations de solidarit\u00e9 peuvent \u00eatre instrumentalis\u00e9es \u00e0 des fins politiques internes ou r\u00e9gionales.<\/li>\n\n<li><strong>Espoir d\u2019une diplomatie populaire<\/strong>\u00a0: Malgr\u00e9 les limites, la mobilisation populaire reste un levier important pour maintenir la question palestinienne au centre de l\u2019agenda r\u00e9gional.<\/li><\/ul><p>Conclusion<\/p><p>La mobilisation massive \u00e0 Sanaa en soutien \u00e0 Gaza rappelle la force de la solidarit\u00e9 arabe, m\u00eame dans un pays d\u00e9vast\u00e9 par la guerre. Elle souligne aussi les enjeux diplomatiques et politiques qui entourent la question palestinienne, dans un Moyen-Orient en pleine recomposition.<\/p><div class=\"gsp_post_data\" data-post_type=\"post\" data-cat=\"politique\" data-modified=\"120\" data-title=\"Y\u00e9men \u2013 Mobilisation massive \u00e0 Sanaa en soutien \u00e0 Gaza\" data-home=\"https:\/\/africanova.info\"><\/div>","protected":false},"excerpt":{"rendered":"<p>Introduction Le 12 juillet 2025, la capitale y\u00e9m\u00e9nite Sanaa a \u00e9t\u00e9 le th\u00e9\u00e2tre d\u2019une mobilisation massive en soutien \u00e0 la population de Gaza, plong\u00e9e dans une nouvelle crise humanitaire et&hellip;<\/p>\n","protected":false},"author":1,"featured_media":16479,"comment_status":"open","ping_status":"open","sticky":false,"template":"","format":"standard","meta":{"_bbp_topic_count":0,"_bbp_reply_count":0,"_bbp_total_topic_count":0,"_bbp_total_reply_count":0,"_bbp_voice_count":0,"_bbp_anonymous_reply_count":0,"_bbp_topic_count_hidden":0,"_bbp_reply_count_hidden":0,"_bbp_forum_subforum_count":0,"_lmt_disableupdate":"","_lmt_disable":"","_jetpack_memberships_contains_paid_content":false,"footnotes":""},"categories":[7],"tags":[],"class_list":["post-16476","post","type-post","status-publish","format-standard","has-post-thumbnail","hentry","category-politique"],"jetpack_featured_media_url":"https:\/\/africanova.info\/wp-content\/uploads\/2025\/07\/1a4d64f2a8db0a2f9e8e80042b193bf767a433b30e24efc0c3f04f89facbe218.jpg","jetpack_sharing_enabled":true,"_links":{"self":[{"href":"https:\/\/africanova.info\/index.php?rest_route=\/wp\/v2\/posts\/16476","targetHints":{"allow":["GET"]}}],"collection":[{"href":"https:\/\/africanova.info\/index.php?rest_route=\/wp\/v2\/posts"}],"about":[{"href":"https:\/\/africanova.info\/index.php?rest_route=\/wp\/v2\/types\/post"}],"author":[{"embeddable":true,"href":"https:\/\/africanova.info\/index.php?rest_route=\/wp\/v2\/users\/1"}],"replies":[{"embeddable":true,"href":"https:\/\/africanova.info\/index.php?rest_route=%2Fwp%2Fv2%2Fcomments&post=16476"}],"version-history":[{"count":1,"href":"https:\/\/africanova.info\/index.php?rest_route=\/wp\/v2\/posts\/16476\/revisions"}],"predecessor-version":[{"id":16481,"href":"https:\/\/africanova.info\/index.php?rest_route=\/wp\/v2\/posts\/16476\/revisions\/16481"}],"wp:featuredmedia":[{"embeddable":true,"href":"https:\/\/africanova.info\/index.php?rest_route=\/wp\/v2\/media\/16479"}],"wp:attachment":[{"href":"https:\/\/africanova.info\/index.php?rest_route=%2Fwp%2Fv2%2Fmedia&parent=16476"}],"wp:term":[{"taxonomy":"category","embeddable":true,"href":"https:\/\/africanova.info\/index.php?rest_route=%2Fwp%2Fv2%2Fcategories&post=16476"},{"taxonomy":"post_tag","embeddable":true,"href":"https:\/\/africanova.info\/index.php?rest_route=%2Fwp%2Fv2%2Ftags&post=16476"}],"curies":[{"name":"wp","href":"https:\/\/api.w.org\/{rel}","templated":true}]}}