
{"id":14890,"date":"2025-06-28T07:54:36","date_gmt":"2025-06-28T05:54:36","guid":{"rendered":"https:\/\/africanova.info\/?p=14890"},"modified":"2025-06-28T07:54:39","modified_gmt":"2025-06-28T05:54:39","slug":"libye-lonu-appelle-a-une-mobilisation-internationale-face-a-la-crise-politique","status":"publish","type":"post","link":"https:\/\/africanova.info\/?p=14890","title":{"rendered":"Libye\u202f: L\u2019ONU appelle \u00e0 une mobilisation internationale face \u00e0 la crise politique"},"content":{"rendered":"<p>Introduction<\/p><p>La Libye traverse une crise politique majeure, marqu\u00e9e par la rivalit\u00e9 entre deux gouvernements, la mont\u00e9e des milices arm\u00e9es et la d\u00e9t\u00e9rioration des conditions de vie de la population. Face \u00e0 cette situation, l\u2019ONU a lanc\u00e9 un appel \u00e0 la mobilisation internationale, exhortant les \u00c9tats membres \u00e0 soutenir les efforts de paix et \u00e0 renforcer l\u2019aide humanitaire.<\/p><p>Contexte\u202f: la Libye post-Kadhafi<\/p><p>Depuis la chute du r\u00e9gime de Mouammar Kadhafi en 2011, la Libye est plong\u00e9e dans une instabilit\u00e9 chronique. Le pays est divis\u00e9 entre un gouvernement reconnu par la communaut\u00e9 internationale, bas\u00e9 \u00e0 Tripoli, et un gouvernement parall\u00e8le, soutenu par l\u2019arm\u00e9e nationale libyenne (ANL) et bas\u00e9 \u00e0 Benghazi. Cette dualit\u00e9 institutionnelle favorise la mont\u00e9e en puissance des milices arm\u00e9es, qui contr\u00f4lent de vastes territoires et s\u2019affrontent r\u00e9guli\u00e8rement.<\/p><p>La crise politique actuelle<\/p><p>En 2025, la situation politique s\u2019est encore aggrav\u00e9e. Les \u00e9lections pr\u00e9sidentielles, initialement pr\u00e9vues pour d\u00e9cembre 2024, ont \u00e9t\u00e9 report\u00e9es \u00e0 plusieurs reprises, faute d\u2019accord entre les diff\u00e9rentes factions. La rivalit\u00e9 entre le Premier ministre Abdel Hamid Dbeibeh (Tripoli) et le mar\u00e9chal Khalifa Haftar (Benghazi) paralyse le processus de transition d\u00e9mocratique.<\/p><p>Les milices arm\u00e9es, profitant de ce vide institutionnel, multiplient les attaques contre les civils, les infrastructures publiques et les convois humanitaires. Les villes de Tripoli, Benghazi et Misrata sont r\u00e9guli\u00e8rement le th\u00e9\u00e2tre de combats, provoquant des d\u00e9placements massifs de populations et une d\u00e9t\u00e9rioration rapide des conditions de vie.<\/p><p>L\u2019appel de l\u2019ONU<\/p><p>Face \u00e0 cette situation, l\u2019ONU a lanc\u00e9 un appel \u00e0 la mobilisation internationale. Le Secr\u00e9taire g\u00e9n\u00e9ral, Antonio Guterres, a exhort\u00e9 les \u00c9tats membres \u00e0 soutenir les efforts de paix, \u00e0 renforcer l\u2019aide humanitaire et \u00e0 appuyer la Mission d\u2019appui des Nations unies en Libye (MANUL). L\u2019ONU craint que la crise libyenne ne d\u00e9stabilise toute la r\u00e9gion du Sahel, d\u00e9j\u00e0 fragilis\u00e9e par le terrorisme et la migration.<\/p><p>La situation humanitaire<\/p><p>La crise politique a des cons\u00e9quences dramatiques pour la population libyenne. Selon le Haut-Commissariat aux r\u00e9fugi\u00e9s (HCR), plus de 400\u202f000 personnes ont \u00e9t\u00e9 d\u00e9plac\u00e9es depuis le d\u00e9but de l\u2019ann\u00e9e 2025. Les h\u00f4pitaux manquent de m\u00e9dicaments, les \u00e9coles sont ferm\u00e9es et les p\u00e9nuries d\u2019eau et d\u2019\u00e9lectricit\u00e9 sont quotidiennes.<\/p><p>Les organisations humanitaires, telles que M\u00e9decins Sans Fronti\u00e8res (MSF) et le Comit\u00e9 international de la Croix-Rouge (CICR), peinent \u00e0 acc\u00e9der aux zones les plus touch\u00e9es, en raison de l\u2019ins\u00e9curit\u00e9 et des blocages impos\u00e9s par les milices. Les travailleurs humanitaires sont r\u00e9guli\u00e8rement menac\u00e9s, voire pris pour cible.<\/p><p>Les enjeux r\u00e9gionaux<\/p><p>La crise libyenne a des r\u00e9percussions bien au-del\u00e0 des fronti\u00e8res du pays. La Libye est devenue un carrefour pour les trafics d\u2019armes, de drogue et d\u2019\u00eatres humains. Les groupes terroristes, dont l\u2019\u00c9tat islamique, profitent du chaos pour s\u2019implanter dans le pays et menacer la stabilit\u00e9 de toute la r\u00e9gion.<\/p><p>Les pays voisins, comme la Tunisie, l\u2019\u00c9gypte, le Niger et le Tchad, craignent un d\u00e9bordement du conflit et une aggravation des flux migratoires vers l\u2019Europe. L\u2019Union africaine et la Ligue arabe ont appel\u00e9 \u00e0 une solution politique n\u00e9goci\u00e9e, mais leurs appels restent sans effet concret.<\/p><figure class=\"wp-block-image size-large\"><img fetchpriority=\"high\" decoding=\"async\" width=\"1024\" height=\"664\" src=\"https:\/\/africanova.info\/wp-content\/uploads\/2025\/06\/RF1408210-1-1024x664.webp\" alt=\"\" class=\"wp-image-14891\" srcset=\"https:\/\/africanova.info\/wp-content\/uploads\/2025\/06\/RF1408210-1-1024x664.webp 1024w, https:\/\/africanova.info\/wp-content\/uploads\/2025\/06\/RF1408210-1-300x194.webp 300w, https:\/\/africanova.info\/wp-content\/uploads\/2025\/06\/RF1408210-1-768x498.webp 768w, https:\/\/africanova.info\/wp-content\/uploads\/2025\/06\/RF1408210-1-1170x759.webp 1170w, https:\/\/africanova.info\/wp-content\/uploads\/2025\/06\/RF1408210-1-585x379.webp 585w, https:\/\/africanova.info\/wp-content\/uploads\/2025\/06\/RF1408210-1-600x389.webp 600w, https:\/\/africanova.info\/wp-content\/uploads\/2025\/06\/RF1408210-1.webp 1180w\" sizes=\"(max-width: 1024px) 100vw, 1024px\" \/><\/figure><p>Les d\u00e9fis \u00e0 relever<\/p><p>La r\u00e9solution de la crise libyenne passe par plusieurs d\u00e9fis\u202f:<\/p><ul class=\"wp-block-list\"><li><strong>La r\u00e9conciliation nationale<\/strong>\u202f: comment r\u00e9tablir la confiance entre les diff\u00e9rentes factions et reconstruire les institutions\u202f?<\/li>\n\n<li><strong>Le d\u00e9sarmement des milices<\/strong>\u202f: comment convaincre les groupes arm\u00e9s de d\u00e9poser les armes et de rejoindre le processus politique\u202f?<\/li>\n\n<li><strong>L\u2019aide humanitaire<\/strong>\u202f: comment garantir l\u2019acc\u00e8s des organisations humanitaires aux populations vuln\u00e9rables\u202f?<\/li>\n\n<li><strong>La lutte contre le terrorisme<\/strong>\u202f: comment emp\u00eacher les groupes terroristes de profiter du chaos pour s\u2019implanter en Libye\u202f?<\/li><\/ul><p>Les perspectives d\u2019avenir<\/p><p>Malgr\u00e9 l\u2019ampleur de la crise, certains signes d\u2019espoir subsistent. Des initiatives locales de r\u00e9conciliation, port\u00e9es par la soci\u00e9t\u00e9 civile, tentent de r\u00e9tablir le dialogue entre les communaut\u00e9s. Les jeunes Libyens, malgr\u00e9 les difficult\u00e9s, continuent de r\u00e9clamer la paix, la justice et des \u00e9lections libres et transparentes.<\/p><p>L\u2019ONU, avec l\u2019appui de l\u2019Union europ\u00e9enne et de l\u2019Union africaine, tente de relancer le processus politique, en organisant des rencontres entre les principales parties prenantes. Mais le chemin vers la paix reste long et incertain.<\/p><p>Conclusion<\/p><p>La Libye est \u00e0 la crois\u00e9e des chemins. La crise politique, la mont\u00e9e des milices et la d\u00e9t\u00e9rioration des conditions de vie menacent la stabilit\u00e9 du pays et de toute la r\u00e9gion. L\u2019appel de l\u2019ONU \u00e0 la mobilisation internationale est un signal d\u2019alarme, qui doit inciter la communaut\u00e9 internationale \u00e0 agir, avant qu\u2019il ne soit trop tard.<\/p><p><\/p><p><\/p><div class=\"gsp_post_data\" data-post_type=\"post\" data-cat=\"actualites\" data-modified=\"120\" data-title=\"Libye\u202f: L\u2019ONU appelle \u00e0 une mobilisation internationale face \u00e0 la crise politique\" data-home=\"https:\/\/africanova.info\"><\/div>","protected":false},"excerpt":{"rendered":"<p>Introduction La Libye traverse une crise politique majeure, marqu\u00e9e par la rivalit\u00e9 entre deux gouvernements, la mont\u00e9e des milices arm\u00e9es et la d\u00e9t\u00e9rioration des conditions de vie de la population.&hellip;<\/p>\n","protected":false},"author":1,"featured_media":14892,"comment_status":"open","ping_status":"open","sticky":false,"template":"","format":"standard","meta":{"_bbp_topic_count":0,"_bbp_reply_count":0,"_bbp_total_topic_count":0,"_bbp_total_reply_count":0,"_bbp_voice_count":0,"_bbp_anonymous_reply_count":0,"_bbp_topic_count_hidden":0,"_bbp_reply_count_hidden":0,"_bbp_forum_subforum_count":0,"_lmt_disableupdate":"","_lmt_disable":"","_jetpack_memberships_contains_paid_content":false,"footnotes":""},"categories":[1],"tags":[1547,7690,7689,2960,7688,7685,1337,7687,7686,1564,1209,382,1120,3893,317],"class_list":["post-14890","post","type-post","status-publish","format-standard","has-post-thumbnail","hentry","category-actualites","tag-aide-humanitaire-2","tag-benghazi","tag-dbeibeh","tag-deplaces-internes","tag-haftar","tag-libye-crise-politique","tag-migration","tag-milices-armees","tag-onu-libye","tag-reconciliation-nationale","tag-sahel","tag-securite-regionale","tag-terrorisme","tag-tripoli","tag-union-africaine"],"jetpack_featured_media_url":"https:\/\/africanova.info\/wp-content\/uploads\/2025\/06\/900x506_cmsv2_130b6991-f319-5c48-bfc5-03d6f042c254-9342378.webp","jetpack_sharing_enabled":true,"_links":{"self":[{"href":"https:\/\/africanova.info\/index.php?rest_route=\/wp\/v2\/posts\/14890","targetHints":{"allow":["GET"]}}],"collection":[{"href":"https:\/\/africanova.info\/index.php?rest_route=\/wp\/v2\/posts"}],"about":[{"href":"https:\/\/africanova.info\/index.php?rest_route=\/wp\/v2\/types\/post"}],"author":[{"embeddable":true,"href":"https:\/\/africanova.info\/index.php?rest_route=\/wp\/v2\/users\/1"}],"replies":[{"embeddable":true,"href":"https:\/\/africanova.info\/index.php?rest_route=%2Fwp%2Fv2%2Fcomments&post=14890"}],"version-history":[{"count":1,"href":"https:\/\/africanova.info\/index.php?rest_route=\/wp\/v2\/posts\/14890\/revisions"}],"predecessor-version":[{"id":14893,"href":"https:\/\/africanova.info\/index.php?rest_route=\/wp\/v2\/posts\/14890\/revisions\/14893"}],"wp:featuredmedia":[{"embeddable":true,"href":"https:\/\/africanova.info\/index.php?rest_route=\/wp\/v2\/media\/14892"}],"wp:attachment":[{"href":"https:\/\/africanova.info\/index.php?rest_route=%2Fwp%2Fv2%2Fmedia&parent=14890"}],"wp:term":[{"taxonomy":"category","embeddable":true,"href":"https:\/\/africanova.info\/index.php?rest_route=%2Fwp%2Fv2%2Fcategories&post=14890"},{"taxonomy":"post_tag","embeddable":true,"href":"https:\/\/africanova.info\/index.php?rest_route=%2Fwp%2Fv2%2Ftags&post=14890"}],"curies":[{"name":"wp","href":"https:\/\/api.w.org\/{rel}","templated":true}]}}