
{"id":14874,"date":"2025-06-28T07:43:34","date_gmt":"2025-06-28T05:43:34","guid":{"rendered":"https:\/\/africanova.info\/?p=14874"},"modified":"2025-06-28T07:43:36","modified_gmt":"2025-06-28T05:43:36","slug":"rdc-premiere-victoire-congolaise-devant-la-cour-africaine","status":"publish","type":"post","link":"https:\/\/africanova.info\/?p=14874","title":{"rendered":"RDC\u202f: Premi\u00e8re victoire congolaise devant la Cour africaine"},"content":{"rendered":"<p>Introduction<\/p><p>La R\u00e9publique D\u00e9mocratique du Congo (RDC) vient de remporter une victoire judiciaire majeure devant la Cour africaine des droits de l\u2019homme et des peuples (CADHP), bas\u00e9e \u00e0 Arusha en Tanzanie. Dans un arr\u00eat rendu le 26 juin 2025, la juridiction continentale s\u2019est d\u00e9clar\u00e9e comp\u00e9tente pour examiner l\u2019affaire opposant la RDC au Rwanda. Cette d\u00e9cision historique ouvre la voie \u00e0 l\u2019examen du fond du dossier, dans lequel Kinshasa accuse Kigali de violations massives des droits humains dans l\u2019Est du Congo<a href=\"https:\/\/fr.africanews.com\/2025\/06\/27\/rdc-rwanda-premiere-victoire-congolaise-devant-la-cour-africaine\/\" target=\"_blank\" rel=\"noreferrer noopener\">2<\/a><a href=\"https:\/\/www.dw.com\/fr\/cadhp-comp%C3%A9tente-dans-laffaire-rdc-rwanda\/a-73054996\" target=\"_blank\" rel=\"noreferrer noopener\">1<\/a><a href=\"https:\/\/acp.cd\/affaire-judiciare-et-droits-humains\/la-cour-africaine-des-droits-de-lhomme-competente-pour-connaitre-le-proces-rdc-rwanda-2\/\" target=\"_blank\" rel=\"noreferrer noopener\">7<\/a>.<\/p><p>Le Contexte du Litige<\/p><p>Depuis plusieurs ann\u00e9es, la r\u00e9gion du Kivu, \u00e0 l\u2019est de la RDC, est le th\u00e9\u00e2tre de violences r\u00e9currentes impliquant des groupes arm\u00e9s, dont le M23, accus\u00e9 de recevoir le soutien du Rwanda. Les affrontements ont provoqu\u00e9 des d\u00e9placements massifs de populations, des ex\u00e9cutions sommaires, des tortures, des traitements inhumains et la destruction d\u2019infrastructures civiles. Face \u00e0 cette situation, la RDC a d\u00e9cid\u00e9 de saisir la CADHP en 2023, estimant que le Rwanda violait la Charte africaine des droits de l\u2019homme et des peuples<a href=\"https:\/\/fr.africanews.com\/2025\/06\/27\/rdc-rwanda-premiere-victoire-congolaise-devant-la-cour-africaine\/\" target=\"_blank\" rel=\"noreferrer noopener\">2<\/a><a href=\"https:\/\/www.dw.com\/fr\/cadhp-comp%C3%A9tente-dans-laffaire-rdc-rwanda\/a-73054996\" target=\"_blank\" rel=\"noreferrer noopener\">1<\/a><a href=\"https:\/\/presidence.cd\/actualite-detail\/actualite\/affaire_rdc_contre_rwanda_la_cour_africaine_des_droits_de_lhomme_juge_recevable_la_requete_de_la_rdc\" target=\"_blank\" rel=\"noreferrer noopener\">4<\/a>.<\/p><p>La Proc\u00e9dure devant la Cour<\/p><p>La proc\u00e9dure a d\u00e9but\u00e9 en f\u00e9vrier 2025 \u00e0 Arusha. Le Rwanda, d\u00e9fendu par une \u00e9quipe d\u2019avocats, a tent\u00e9 de faire rejeter la requ\u00eate congolaise, arguant de l\u2019incomp\u00e9tence de la Cour et du non-\u00e9puisement des voies de recours internes. La d\u00e9fense rwandaise a \u00e9galement contest\u00e9 la fiabilit\u00e9 des preuves avanc\u00e9es par la RDC, estimant qu\u2019elles s\u2019appuyaient sur des articles de presse et des sources non officielles<a href=\"https:\/\/fr.africanews.com\/2025\/06\/27\/rdc-rwanda-premiere-victoire-congolaise-devant-la-cour-africaine\/\" target=\"_blank\" rel=\"noreferrer noopener\">2<\/a><a href=\"https:\/\/acp.cd\/affaire-judiciare-et-droits-humains\/la-cour-africaine-des-droits-de-lhomme-competente-pour-connaitre-le-proces-rdc-rwanda-2\/\" target=\"_blank\" rel=\"noreferrer noopener\">7<\/a>.<\/p><p>La Cour a examin\u00e9 ces arguments lors de deux audiences, les 12 et 13 f\u00e9vrier 2025. Apr\u00e8s plusieurs mois de d\u00e9lib\u00e9r\u00e9s, la CADHP a rendu son arr\u00eat le 26 juin 2025, rejetant l\u2019exception d\u2019incomp\u00e9tence soulev\u00e9e par le Rwanda et se d\u00e9clarant comp\u00e9tente pour conna\u00eetre de l\u2019affaire<a href=\"https:\/\/fr.africanews.com\/2025\/06\/27\/rdc-rwanda-premiere-victoire-congolaise-devant-la-cour-africaine\/\" target=\"_blank\" rel=\"noreferrer noopener\">2<\/a><a href=\"https:\/\/acp.cd\/affaire-judiciare-et-droits-humains\/la-cour-africaine-des-droits-de-lhomme-competente-pour-connaitre-le-proces-rdc-rwanda-2\/\" target=\"_blank\" rel=\"noreferrer noopener\">7<\/a><a href=\"https:\/\/presidence.cd\/actualite-detail\/actualite\/affaire_rdc_contre_rwanda_la_cour_africaine_des_droits_de_lhomme_juge_recevable_la_requete_de_la_rdc\" target=\"_blank\" rel=\"noreferrer noopener\">4<\/a>.<\/p><p>La D\u00e9cision Historique<\/p><p>Le juge doyen Rafaa Ben Achour a lu l\u2019arr\u00eat, affirmant que la Cour rejette l\u2019exception d\u2019incomp\u00e9tence et se d\u00e9clare comp\u00e9tente pour examiner le fond du dossier. Cette d\u00e9cision a \u00e9t\u00e9 salu\u00e9e par le gouvernement congolais, la soci\u00e9t\u00e9 civile et les organisations de d\u00e9fense des droits humains, qui y voient un tournant dans la lutte contre l\u2019impunit\u00e9 et la reconnaissance des droits des victimes<a href=\"https:\/\/fr.africanews.com\/2025\/06\/27\/rdc-rwanda-premiere-victoire-congolaise-devant-la-cour-africaine\/\" target=\"_blank\" rel=\"noreferrer noopener\">2<\/a><a href=\"https:\/\/www.dw.com\/fr\/cadhp-comp%C3%A9tente-dans-laffaire-rdc-rwanda\/a-73054996\" target=\"_blank\" rel=\"noreferrer noopener\">1<\/a><a href=\"https:\/\/www.radiookapi.net\/2025\/06\/27\/actualite\/justice\/la-cndh-salue-la-competence-reconnue-de-la-cour-africaine-dans-le\" target=\"_blank\" rel=\"noreferrer noopener\">3<\/a>.<\/p><p>La Cour a \u00e9galement enjoint le Rwanda de d\u00e9poser ses conclusions sur le fond de l\u2019accusation dans les 90 jours suivant la d\u00e9cision. La RDC disposera ensuite de 45 jours pour r\u00e9pondre, avant que la Cour ne rende son verdict d\u00e9finitif<a href=\"https:\/\/acp.cd\/affaire-judiciare-et-droits-humains\/la-cour-africaine-des-droits-de-lhomme-competente-pour-connaitre-le-proces-rdc-rwanda-2\/\" target=\"_blank\" rel=\"noreferrer noopener\">7<\/a>.<\/p><p>Les R\u00e9actions et les Enjeux<\/p><p>La d\u00e9cision de la CADHP a suscit\u00e9 de nombreuses r\u00e9actions positives en RDC. Le ministre de la Justice ad int\u00e9rim, Samuel Mbemba, a qualifi\u00e9 cette \u00e9tape de \u00ab\u202fvictoire judiciaire\u202f\u00bb, estimant qu\u2019elle pr\u00e9juge favorablement du fond du dossier. Pour lui, la recevabilit\u00e9 de la requ\u00eate d\u00e9montre la solidit\u00e9 des preuves avanc\u00e9es par la RDC et la cr\u00e9dibilit\u00e9 de la Cour africaine<a href=\"https:\/\/7sur7.cd\/2025\/06\/27\/recevabilite-de-la-requete-de-la-rdc-par-la-cadhp-nous-allons-tout-droit-vers-la\" target=\"_blank\" rel=\"noreferrer noopener\">6<\/a><a href=\"https:\/\/acp.cd\/affaire-judiciare-et-droits-humains\/la-cour-africaine-des-droits-de-lhomme-competente-pour-connaitre-le-proces-rdc-rwanda-2\/\" target=\"_blank\" rel=\"noreferrer noopener\">7<\/a>.<\/p><p>La soci\u00e9t\u00e9 civile congolaise, repr\u00e9sent\u00e9e notamment par l\u2019Association congolaise pour l\u2019acc\u00e8s \u00e0 la justice (ACAJ) et la Commission nationale des droits de l\u2019homme (CNDH), a salu\u00e9 cette d\u00e9cision comme une avanc\u00e9e majeure pour la justice internationale. Georges Kapiamba, avocat de l\u2019ACAJ, a d\u00e9clar\u00e9\u202f: \u00ab\u202fLes victimes des exactions commises doivent se r\u00e9jouir de cette d\u00e9cision. Elles seront r\u00e9tablies dans leurs droits, car nous avons confiance en la justice et en la Cour. Ce premier pas est d\u00e9cisif et rassurant pour l\u2019avenir\u202f\u00bb<a href=\"https:\/\/www.dw.com\/fr\/cadhp-comp%C3%A9tente-dans-laffaire-rdc-rwanda\/a-73054996\" target=\"_blank\" rel=\"noreferrer noopener\">1<\/a><a href=\"https:\/\/www.radiookapi.net\/2025\/06\/27\/actualite\/justice\/la-cndh-salue-la-competence-reconnue-de-la-cour-africaine-dans-le\" target=\"_blank\" rel=\"noreferrer noopener\">3<\/a>.<\/p><figure class=\"wp-block-image size-large\"><img fetchpriority=\"high\" decoding=\"async\" width=\"1024\" height=\"704\" src=\"https:\/\/africanova.info\/wp-content\/uploads\/2025\/06\/05281d13-dbfe-46d7-b57f-fa2a24936166-1-1024x704.webp\" alt=\"\" class=\"wp-image-14876\" srcset=\"https:\/\/africanova.info\/wp-content\/uploads\/2025\/06\/05281d13-dbfe-46d7-b57f-fa2a24936166-1-1024x704.webp 1024w, https:\/\/africanova.info\/wp-content\/uploads\/2025\/06\/05281d13-dbfe-46d7-b57f-fa2a24936166-1-300x206.webp 300w, https:\/\/africanova.info\/wp-content\/uploads\/2025\/06\/05281d13-dbfe-46d7-b57f-fa2a24936166-1-768x528.webp 768w, https:\/\/africanova.info\/wp-content\/uploads\/2025\/06\/05281d13-dbfe-46d7-b57f-fa2a24936166-1-1536x1057.webp 1536w, https:\/\/africanova.info\/wp-content\/uploads\/2025\/06\/05281d13-dbfe-46d7-b57f-fa2a24936166-1-2048x1409.webp 2048w, https:\/\/africanova.info\/wp-content\/uploads\/2025\/06\/05281d13-dbfe-46d7-b57f-fa2a24936166-1-1920x1321.webp 1920w, https:\/\/africanova.info\/wp-content\/uploads\/2025\/06\/05281d13-dbfe-46d7-b57f-fa2a24936166-1-1170x805.webp 1170w, https:\/\/africanova.info\/wp-content\/uploads\/2025\/06\/05281d13-dbfe-46d7-b57f-fa2a24936166-1-585x402.webp 585w, https:\/\/africanova.info\/wp-content\/uploads\/2025\/06\/05281d13-dbfe-46d7-b57f-fa2a24936166-1-1320x908.webp 1320w, https:\/\/africanova.info\/wp-content\/uploads\/2025\/06\/05281d13-dbfe-46d7-b57f-fa2a24936166-1-600x413.webp 600w\" sizes=\"(max-width: 1024px) 100vw, 1024px\" \/><\/figure><p>Paul Nsapu, pr\u00e9sident de la CNDH, a soulign\u00e9 l\u2019impact continental de cette d\u00e9cision, y voyant un signal fort contre l\u2019impunit\u00e9 et pour la d\u00e9fense des droits humains en Afrique<a href=\"https:\/\/www.radiookapi.net\/2025\/06\/27\/actualite\/justice\/la-cndh-salue-la-competence-reconnue-de-la-cour-africaine-dans-le\" target=\"_blank\" rel=\"noreferrer noopener\">3<\/a>.<\/p><p>Les D\u00e9fis \u00e0 Venir<\/p><p>Malgr\u00e9 cette victoire pr\u00e9liminaire, de nombreux d\u00e9fis subsistent. Le Rwanda dispose d\u00e9sormais d\u2019un d\u00e9lai pour pr\u00e9senter ses arguments sur le fond du dossier. La proc\u00e9dure risque d\u2019\u00eatre longue et complexe, d\u2019autant plus que le Rwanda a toujours ni\u00e9 toute implication dans les violences commises \u00e0 l\u2019est de la RDC<a href=\"https:\/\/fr.africanews.com\/2025\/06\/27\/rdc-rwanda-premiere-victoire-congolaise-devant-la-cour-africaine\/\" target=\"_blank\" rel=\"noreferrer noopener\">2<\/a><a href=\"https:\/\/acp.cd\/affaire-judiciare-et-droits-humains\/la-cour-africaine-des-droits-de-lhomme-competente-pour-connaitre-le-proces-rdc-rwanda-2\/\" target=\"_blank\" rel=\"noreferrer noopener\">7<\/a>.<\/p><p>La RDC devra \u00e9galement veiller \u00e0 la mise en \u0153uvre effective de la d\u00e9cision de la Cour, une fois le verdict d\u00e9finitif rendu. L\u2019enjeu est de taille\u202f: il s\u2019agit de garantir la justice pour les victimes, de pr\u00e9venir de nouvelles violations et de renforcer la coop\u00e9ration r\u00e9gionale pour la paix et la stabilit\u00e9<a href=\"https:\/\/www.radiookapi.net\/2025\/06\/27\/actualite\/justice\/la-cndh-salue-la-competence-reconnue-de-la-cour-africaine-dans-le\" target=\"_blank\" rel=\"noreferrer noopener\">3<\/a><a href=\"https:\/\/www.dw.com\/fr\/cadhp-comp%C3%A9tente-dans-laffaire-rdc-rwanda\/a-73054996\" target=\"_blank\" rel=\"noreferrer noopener\">1<\/a>.<\/p><p>Conclusion<\/p><p>La d\u00e9cision de la Cour africaine des droits de l\u2019homme et des peuples marque une \u00e9tape d\u00e9cisive dans la lutte contre l\u2019impunit\u00e9 et pour la d\u00e9fense des droits humains en Afrique. Elle ouvre la voie \u00e0 un examen approfondi des accusations port\u00e9es par la RDC contre le Rwanda et renforce la cr\u00e9dibilit\u00e9 de la justice continentale. Pour les victimes et la soci\u00e9t\u00e9 civile congolaise, c\u2019est un message d\u2019espoir et de reconnaissance, qui pourrait inspirer d\u2019autres d\u00e9marches similaires sur le continent<a href=\"https:\/\/fr.africanews.com\/2025\/06\/27\/rdc-rwanda-premiere-victoire-congolaise-devant-la-cour-africaine\/\" target=\"_blank\" rel=\"noreferrer noopener\">2<\/a><a href=\"https:\/\/www.dw.com\/fr\/cadhp-comp%C3%A9tente-dans-laffaire-rdc-rwanda\/a-73054996\" target=\"_blank\" rel=\"noreferrer noopener\">1<\/a><a href=\"https:\/\/www.radiookapi.net\/2025\/06\/27\/actualite\/justice\/la-cndh-salue-la-competence-reconnue-de-la-cour-africaine-dans-le\" target=\"_blank\" rel=\"noreferrer noopener\">3<\/a>.<\/p><p><\/p><div class=\"gsp_post_data\" data-post_type=\"post\" data-cat=\"actualites\" data-modified=\"120\" data-title=\"RDC\u202f: Premi\u00e8re victoire congolaise devant la Cour africaine\" data-home=\"https:\/\/africanova.info\"><\/div>","protected":false},"excerpt":{"rendered":"<p>Introduction La R\u00e9publique D\u00e9mocratique du Congo (RDC) vient de remporter une victoire judiciaire majeure devant la Cour africaine des droits de l\u2019homme et des peuples (CADHP), bas\u00e9e \u00e0 Arusha en&hellip;<\/p>\n","protected":false},"author":1,"featured_media":14877,"comment_status":"open","ping_status":"open","sticky":false,"template":"","format":"standard","meta":{"_bbp_topic_count":0,"_bbp_reply_count":0,"_bbp_total_topic_count":0,"_bbp_total_reply_count":0,"_bbp_voice_count":0,"_bbp_anonymous_reply_count":0,"_bbp_topic_count_hidden":0,"_bbp_reply_count_hidden":0,"_bbp_forum_subforum_count":0,"_lmt_disableupdate":"","_lmt_disable":"","_jetpack_memberships_contains_paid_content":false,"footnotes":""},"categories":[1],"tags":[],"class_list":["post-14874","post","type-post","status-publish","format-standard","has-post-thumbnail","hentry","category-actualites"],"jetpack_featured_media_url":"https:\/\/africanova.info\/wp-content\/uploads\/2025\/06\/hq720-4.jpg","jetpack_sharing_enabled":true,"_links":{"self":[{"href":"https:\/\/africanova.info\/index.php?rest_route=\/wp\/v2\/posts\/14874","targetHints":{"allow":["GET"]}}],"collection":[{"href":"https:\/\/africanova.info\/index.php?rest_route=\/wp\/v2\/posts"}],"about":[{"href":"https:\/\/africanova.info\/index.php?rest_route=\/wp\/v2\/types\/post"}],"author":[{"embeddable":true,"href":"https:\/\/africanova.info\/index.php?rest_route=\/wp\/v2\/users\/1"}],"replies":[{"embeddable":true,"href":"https:\/\/africanova.info\/index.php?rest_route=%2Fwp%2Fv2%2Fcomments&post=14874"}],"version-history":[{"count":1,"href":"https:\/\/africanova.info\/index.php?rest_route=\/wp\/v2\/posts\/14874\/revisions"}],"predecessor-version":[{"id":14878,"href":"https:\/\/africanova.info\/index.php?rest_route=\/wp\/v2\/posts\/14874\/revisions\/14878"}],"wp:featuredmedia":[{"embeddable":true,"href":"https:\/\/africanova.info\/index.php?rest_route=\/wp\/v2\/media\/14877"}],"wp:attachment":[{"href":"https:\/\/africanova.info\/index.php?rest_route=%2Fwp%2Fv2%2Fmedia&parent=14874"}],"wp:term":[{"taxonomy":"category","embeddable":true,"href":"https:\/\/africanova.info\/index.php?rest_route=%2Fwp%2Fv2%2Fcategories&post=14874"},{"taxonomy":"post_tag","embeddable":true,"href":"https:\/\/africanova.info\/index.php?rest_route=%2Fwp%2Fv2%2Ftags&post=14874"}],"curies":[{"name":"wp","href":"https:\/\/api.w.org\/{rel}","templated":true}]}}